{"id":1004,"date":"2022-04-26T12:30:00","date_gmt":"2022-04-26T10:30:00","guid":{"rendered":"https:\/\/blog.bechallenge.io\/?p=1004"},"modified":"2022-05-03T11:33:59","modified_gmt":"2022-05-03T09:33:59","slug":"ley-organica-del-sistema-universitario-losu-como-afecta-universidades","status":"publish","type":"post","link":"https:\/\/blog.bechallenge.io\/en\/ley-organica-del-sistema-universitario-losu-como-afecta-universidades\/","title":{"rendered":"Organic Law of the University System (OLUS): How it affects our Universities"},"content":{"rendered":"\n<h2 class=\"wp-block-heading\">\u00bfQu\u00e9 es la LOSU?<\/h2>\n\n\n\n<p>La Ley Org\u00e1nica del Sistema Universitario (LOSU) es un anteproyecto de Ley que el Gobierno de Espa\u00f1a est\u00e1 desarrollando y que fue impulsada por primera vez por el antiguo ministro de universidades Manuel Castells.<\/p>\n\n\n\n<p>Actualmente, el nuevo Ministerio de universidades encabezado por Joan Subirats sigue trabajando en esta proposici\u00f3n de Ley. Su intenci\u00f3n es que la nueva Ley Org\u00e1nica est\u00e9 lista para ser aprobada durante el primer semestre de 2023. La nueva LOSU vendr\u00eda a sustituir a la vigente Ley Org\u00e1nica 6\/2001 o Ley de Universidades.<\/p>\n\n\n\n<h2 class=\"wp-block-heading\"><strong>Objetivos principales de la LOSU<\/strong><\/h2>\n\n\n\n<p>El Gobierno de Espa\u00f1a desde el Ministerio de Universidades pretende adaptar la legislaci\u00f3n a la nueva realidad de la sociedad espa\u00f1ola. Se considera que la antigua ley de Universidades necesita una serie de cambios que optimicen la experiencia universitaria tanto para profesores como para alumnos. Entre las metas que se pretenden alcanzar con la reforma se encuentran: acabar con la precariedad laboral de los profesores universitarios, potenciar la investigaci\u00f3n y mejorar la calidad de la docencia.<\/p>\n\n\n\n<h2 class=\"wp-block-heading\"><strong>La precariedad de los profesores universitarios<\/strong><\/h2>\n\n\n\n<p>El anteproyecto de Ley Org\u00e1nica pretende poner fin a la precariedad laboral de los profesores universitarios que afecta, sobre todo, al grupo de docentes asociados. Seg\u00fan el an\u00e1lisis del Sistema Integrado de Informaci\u00f3n Universitaria (SIIU), Espa\u00f1a cuenta en sus universidades p\u00fablicas con 105.371 profesores e investigadores de los cuales 25.081 son asociados.<\/p>\n\n\n\n<p>En teor\u00eda, se trata de profesionales con otras ocupaciones que se dedican a la docencia solo a tiempo parcial. No obstante, la realidad es que la mayor\u00eda tiene tantas obligaciones como el resto a cambio de menos derechos y un menor salario. Por ello, el Ministerio de Universidades propone su inclusi\u00f3n en los programas de promoci\u00f3n y estabilizaci\u00f3n de aquellas universidades que cuenten con m\u00e1s de un 15% de profesores universitarios asociados en su plantilla, reservando el 15% de las plazas a profesores asociados con t\u00edtulo de doctor.<\/p>\n\n\n\n<h2 class=\"wp-block-heading\"><strong>Aumento de la inversi\u00f3n en las Universidades<\/strong><\/h2>\n\n\n\n<p>La Ley Org\u00e1nica del Sistema Universitario (LOSU), propone un aumento de la inversi\u00f3n destinada a una mayor investigaci\u00f3n y una mejora de la calidad de la docencia en las aulas.<\/p>\n\n\n\n<p>Entre las medidas concretas para impulsar la investigaci\u00f3n universitaria, se encuentra la reserva del 15% de las plazas para investigadoras\/es y la destinaci\u00f3n del 5% del presupuesto universitario a la investigaci\u00f3n.<\/p>\n\n\n\n<figure class=\"wp-block-image size-large\"><img loading=\"lazy\" decoding=\"async\" width=\"1024\" height=\"683\" src=\"https:\/\/blog.bechallenge.io\/wp-content\/uploads\/2022\/04\/Estudiantes-1024x683.png\" alt=\"\" class=\"wp-image-1006\" srcset=\"https:\/\/blog.bechallenge.io\/wp-content\/uploads\/2022\/04\/Estudiantes-1024x683.png 1024w, https:\/\/blog.bechallenge.io\/wp-content\/uploads\/2022\/04\/Estudiantes-300x200.png 300w, https:\/\/blog.bechallenge.io\/wp-content\/uploads\/2022\/04\/Estudiantes-768x512.png 768w, https:\/\/blog.bechallenge.io\/wp-content\/uploads\/2022\/04\/Estudiantes-1536x1024.png 1536w, https:\/\/blog.bechallenge.io\/wp-content\/uploads\/2022\/04\/Estudiantes-2048x1365.png 2048w\" sizes=\"auto, (max-width: 1024px) 100vw, 1024px\" \/><\/figure>\n\n\n\n<h2 class=\"wp-block-heading\"><strong>La LOSU y la mejora de la calidad de la docencia<\/strong><\/h2>\n\n\n\n<p>El Ministerio de Universidades considera que la nueva Ley del Sistema Universitario (LOSU) debe prestar atenci\u00f3n a las demandas de la sociedad y contribuir a la consecuci\u00f3n de los <strong><a href=\"https:\/\/blog.bechallenge.io\/la-importancia-de-los-ods-en-las-universidades\/\" title=\"La importancia de los ODS en las universidades\">Objetivos de Desarrollo Sostenible (ODS)<\/a><\/strong> establecidos por las Naciones Unidas.<\/p>\n\n\n\n<p>El ministro Joan Subirats tiene la intenci\u00f3n de mantener en el anteproyecto de Ley Org\u00e1nica el modelo universitario 3+2. Este modelo fue aprobado en 2021 por un decreto del exministro Manuel Castells y ha sido implantado en mayor medida por las universidades de Catalunya. El sistema consiste en la oferta de titulaciones compuestas por 3 a\u00f1os de grado seguidos de dos a\u00f1os de m\u00e1ster. Seg\u00fan el ministro de educaci\u00f3n, el modelo se puede mantener si las universidades espa\u00f1olas llevan a cabo acuerdos de colaboraci\u00f3n con instituciones europeas.<\/p>\n\n\n\n<p>El objetivo, seg\u00fan el responsable del Ministerio de Universidades, es llevar a cabo un cambio en la pir\u00e1mide educativa en Espa\u00f1a. Actualmente en nuestro pa\u00eds hay un 40% de titulados universitarios, un 20% de personas con formaci\u00f3n profesional y un 40% de personas que solo cuentan con educaci\u00f3n primaria. La intenci\u00f3n es equiparar la situaci\u00f3n con la de la del resto de la Uni\u00f3n Europea, en la cual los porcentajes son un 40%, 40% y 20%, respectivamente.<\/p>\n\n\n\n<p>Desde BeChallenge te animamos a que participes en los comentarios, \u00bfse te ocurre alguna medida que contribuya a alcanzar los objetivos de la LOSU?<\/p>\n\n\n\n<p>[Actualizaci\u00f3n: 20\/05\/2022]<\/p>\n\n\n\n<h2 class=\"wp-block-heading\"><strong>Propuesta de formaci\u00f3n de profesorado<\/strong><\/h2>\n\n\n\n<p>Desde el Ministerio de Universidades, se pretende incluir como parte de la Ley Org\u00e1nica del Sistema Universitario (LOSU) un programa de metodolog\u00edas docentes destinado a los ayudantes doctores de todas las universidades espa\u00f1olas. Su formato, duraci\u00f3n y modalidad (presencial, online o h\u00edbrido) todav\u00eda no est\u00e1n definidos y ser\u00e1 decidido entre los rectores y gobiernos de las diferentes comunidades aut\u00f3nomas. <\/p>\n\n\n\n<p>En la actualidad algunas universidades, como es el caso de la Universidad Aut\u00f3noma de Madrid o la Universidad de La Laguna en Tenerife, ofrecen cursos de formaci\u00f3n para sus docentes para la mejora de sus habilidades pedag\u00f3gicas. Sin embargo, debido a que estos cursos no son obligatorios, el n\u00famero de profesoras\/es inscritos no es muy elevado. Seg\u00fan el ministro de Universidades Joan Subirats, el profesorado universitario deber\u00eda cursar programas de capacidad docentes como sucede en el resto de de niveles de la educaci\u00f3n. <\/p>\n\n\n\n<h2 class=\"wp-block-heading\"><strong>M\u00e1s informaci\u00f3n<\/strong><\/h2>\n\n\n\n<ul class=\"wp-block-list\"><li>La Moncloa. (2021). Anteproyecto de Ley Org\u00e1nica del Sistema universitario. Disponible en <a href=\"https:\/\/www.lamoncloa.gob.es\/consejodeministros\/Paginas\/enlaces\/310821-enlace-universidad.aspx\"><\/a><a href=\"https:\/\/www.lamoncloa.gob.es\/consejodeministros\/Paginas\/enlaces\/310821-enlace-universidad.aspx\">https:\/\/www.lamoncloa.gob.es\/consejodeministros\/Paginas\/enlaces\/310821-enlace-universidad.aspx<\/a><\/li><li>El Diario. (2022). Los nuevos profesores universitarios tendr\u00e1n que hacer un curso de formaci\u00f3n docente. <a href=\"https:\/\/www.eldiario.es\/sociedad\/nuevos-profesores-universitarios-tendran-curso-formacion-docente_1_8775246.html\"><\/a><a href=\"https:\/\/www.eldiario.es\/sociedad\/nuevos-profesores-universitarios-tendran-curso-formacion-docente_1_8775246.html\">https:\/\/www.eldiario.es\/sociedad\/nuevos-profesores-universitarios-tendran-curso-formacion-docente_1_8775246.html<\/a><\/li><li>El Pa\u00eds. (2022). Subirats pide tiempo a la comunidad universitaria: \u201cQue me permitan hacer un poco m\u00eda esta ley\u201d. Disponible en <a href=\"https:\/\/elpais.com\/educacion\/universidad\/2022-01-12\/subirats-pide-tiempo-a-la-comunidad-universitaria-que-me-permitan-hacer-un-poco-mia-esta-ley.html\"><\/a><a href=\"https:\/\/elpais.com\/educacion\/universidad\/2022-01-12\/subirats-pide-tiempo-a-la-comunidad-universitaria-que-me-permitan-hacer-un-poco-mia-esta-ley.html\">https:\/\/elpais.com\/educacion\/universidad\/2022-01-12\/subirats-pide-tiempo-a-la-comunidad-universitaria-que-me-permitan-hacer-un-poco-mia-esta-ley.html<\/a><\/li><li>(2021). La nueva ley universitaria: m\u00e1s investigaci\u00f3n, menos \u201cprecariedad\u201d docente y cambios en la elecci\u00f3n del rector. Disponible en <a href=\"https:\/\/www.rtve.es\/noticias\/20210831\/ley-universidades-castells-consejo-ministros\/2167300.shtml\"><\/a><a href=\"https:\/\/www.rtve.es\/noticias\/20210831\/ley-universidades-castells-consejo-ministros\/2167300.shtml\">https:\/\/www.rtve.es\/noticias\/20210831\/ley-universidades-castells-consejo-ministros\/2167300.shtml<\/a><\/li><\/ul>\n","protected":false},"excerpt":{"rendered":"<p>C\u00f3mo afecta la nueva Ley Org\u00e1nica (LOSU) planteada por Manuel Castells desde el Ministerio de Universidades que sustituye a la vigente Ley de Universidades. <a href=\"https:\/\/blog.bechallenge.io\/en\/ley-organica-del-sistema-universitario-losu-como-afecta-universidades\/\" class=\"more-link\">Continue reading <span class=\"screen-reader-text\">Organic Law of the University System (OLUS): How it affects our Universities<\/span><\/a><\/p>","protected":false},"author":1,"featured_media":1005,"comment_status":"open","ping_status":"open","sticky":false,"template":"","format":"standard","meta":{"jetpack_post_was_ever_published":false,"_jetpack_newsletter_access":"","_jetpack_dont_email_post_to_subs":false,"_jetpack_newsletter_tier_id":0,"_jetpack_memberships_contains_paywalled_content":false,"_jetpack_memberships_contains_paid_content":false,"footnotes":""},"categories":[27],"tags":[77,76,72,71,75,74,73],"class_list":["post-1004","post","type-post","status-publish","format-standard","has-post-thumbnail","hentry","category-tendencias-educacion","tag-gobierno-de-espana","tag-joan-subirats","tag-ley-organica","tag-losu","tag-manuel-castells","tag-ministerio-de-universidades","tag-universidad"],"aioseo_notices":[],"jetpack_featured_media_url":"https:\/\/blog.bechallenge.io\/wp-content\/uploads\/2022\/04\/LOSU.png","jetpack_sharing_enabled":true,"_links":{"self":[{"href":"https:\/\/blog.bechallenge.io\/en\/wp-json\/wp\/v2\/posts\/1004","targetHints":{"allow":["GET"]}}],"collection":[{"href":"https:\/\/blog.bechallenge.io\/en\/wp-json\/wp\/v2\/posts"}],"about":[{"href":"https:\/\/blog.bechallenge.io\/en\/wp-json\/wp\/v2\/types\/post"}],"author":[{"embeddable":true,"href":"https:\/\/blog.bechallenge.io\/en\/wp-json\/wp\/v2\/users\/1"}],"replies":[{"embeddable":true,"href":"https:\/\/blog.bechallenge.io\/en\/wp-json\/wp\/v2\/comments?post=1004"}],"version-history":[{"count":8,"href":"https:\/\/blog.bechallenge.io\/en\/wp-json\/wp\/v2\/posts\/1004\/revisions"}],"predecessor-version":[{"id":1049,"href":"https:\/\/blog.bechallenge.io\/en\/wp-json\/wp\/v2\/posts\/1004\/revisions\/1049"}],"wp:featuredmedia":[{"embeddable":true,"href":"https:\/\/blog.bechallenge.io\/en\/wp-json\/wp\/v2\/media\/1005"}],"wp:attachment":[{"href":"https:\/\/blog.bechallenge.io\/en\/wp-json\/wp\/v2\/media?parent=1004"}],"wp:term":[{"taxonomy":"category","embeddable":true,"href":"https:\/\/blog.bechallenge.io\/en\/wp-json\/wp\/v2\/categories?post=1004"},{"taxonomy":"post_tag","embeddable":true,"href":"https:\/\/blog.bechallenge.io\/en\/wp-json\/wp\/v2\/tags?post=1004"}],"curies":[{"name":"wp","href":"https:\/\/api.w.org\/{rel}","templated":true}]}}